{"id":6976,"date":"2021-08-20T15:50:17","date_gmt":"2021-08-20T14:50:17","guid":{"rendered":"https:\/\/www.climsom.com\/blog\/?p=6976"},"modified":"2022-04-01T14:30:53","modified_gmt":"2022-04-01T13:30:53","slug":"bien-gerer-le-stress-de-la-rentree","status":"publish","type":"post","link":"https:\/\/www.climsom.com\/blog\/bien-gerer-le-stress-de-la-rentree\/","title":{"rendered":"3 id\u00e9es pour bien g\u00e9rer le stress de la rentr\u00e9e"},"content":{"rendered":"\n<p>La rentr\u00e9e approche et avec elle, son lot de sources de stress ! Un enfant qui fait sa premi\u00e8re rentr\u00e9e, un nouveau travail, le changement de saison qui arrive&#8230;<br>Pour \u00e9viter le coup de blues de la rentr\u00e9e et prendre de plein fouet le retour \u00e0 la r\u00e9alit\u00e9, quelques petits conseils simples : <br>&#8211; Se fixer des objectifs : vous \u00e9viterez ainsi le sentiment d&rsquo;inconnu de cette nouvelle ann\u00e9e<br>&#8211; Programmer ses prochaines vacances : en voil\u00e0, un bel objectif ?<br>&#8211;<strong> Prendre du temps pour soi !<\/strong> <br><br><strong>Vous pensez \u00eatre surmen\u00e9(e) ? On vous prouve que c&rsquo;est possible !!<br>Voici pour cela 3 id\u00e9es pour influer sur vos hormones du bien-\u00eatre et apaiser votre quotidien !<\/strong><br><\/p>\n\n\n\n<div style=\"height:20px\" aria-hidden=\"true\" class=\"wp-block-spacer\"><\/div>\n\n\n\n<figure class=\"wp-block-video\"><video autoplay controls src=\"https:\/\/www.climsom.com\/blog\/wp-content\/uploads\/2021\/11\/Rentree-sans-stress-final.mp4\" playsinline><\/video><\/figure>\n\n\n\n<h2 class=\"has-vivid-cyan-blue-color has-text-color wp-block-heading\">1. Tapis d&rsquo;acupression Climsom Zen : utiliser son temps de repos pour combattre le stress !<\/h2>\n\n\n\n<p>Les s\u00e9ances de relaxation \u00e0 domicile, et sans prendre de temps : c&rsquo;est possible !<br>Pour cela, un de vos alli\u00e9s est le tapis d&rsquo;acupression ! <br>Glissez-le sous votre dos dans votre canap\u00e9 ou votre lit, et vous pourrez vous d\u00e9tendre tranquillement tout en regardant votre s\u00e9rie favorite ou simplement lorsque vous n&rsquo;arrivez pas \u00e0 vous endormir.<br><br>Le tapis d&rsquo;acupression est recouvert de picots en plastique qui exercent une pression directement sur les zones du corps nou\u00e9es par le stress. Il lib\u00e8re ainsi toutes les tensions, particuli\u00e8rement du dos, et r\u00e9duit les douleurs.<br><br>Dans un m\u00eame temps, le tapis d&rsquo;acupression permet la <strong>lib\u00e9ration naturelle d&rsquo;endorphines et d&rsquo;ocytocine<\/strong>, nos hormones du bien-\u00eatre ! Ces hormones ont en plus un effet d\u00e9stressant car elles aident \u00e0 faire chuter le cortisol, hormone du stress !<br><strong>En 20 minutes seulement<\/strong>, vous pourrez sentir le stress s&rsquo;\u00e9vacuer pour laisser place \u00e0 un sentiment de l\u00e9g\u00e8ret\u00e9.<\/p>\n\n\n\n<div style=\"height:20px\" aria-hidden=\"true\" class=\"wp-block-spacer\"><\/div>\n\n\n\n<div class=\"wp-block-image\"><figure class=\"aligncenter size-large\"><a href=\"https:\/\/www.climsom.com\/fra\/tapis-acupression-relaxation-climsom-zen.php?codeoffer=ClimsomAcuM\" target=\"_blank\" rel=\"noopener\"><img loading=\"lazy\" decoding=\"async\" width=\"428\" height=\"300\" src=\"https:\/\/www.climsom.com\/blog\/wp-content\/uploads\/2021\/07\/Acupression_Climsom_Zen_pack_bleu_femme_lit_02_web_2021-428x300.jpg\" alt=\"\" class=\"wp-image-6536\" srcset=\"https:\/\/www.climsom.com\/blog\/wp-content\/uploads\/2021\/07\/Acupression_Climsom_Zen_pack_bleu_femme_lit_02_web_2021-428x300.jpg 428w, https:\/\/www.climsom.com\/blog\/wp-content\/uploads\/2021\/07\/Acupression_Climsom_Zen_pack_bleu_femme_lit_02_web_2021-300x210.jpg 300w, https:\/\/www.climsom.com\/blog\/wp-content\/uploads\/2021\/07\/Acupression_Climsom_Zen_pack_bleu_femme_lit_02_web_2021-768x539.jpg 768w, https:\/\/www.climsom.com\/blog\/wp-content\/uploads\/2021\/07\/Acupression_Climsom_Zen_pack_bleu_femme_lit_02_web_2021.jpg 800w\" sizes=\"auto, (max-width: 428px) 100vw, 428px\" \/><\/a><\/figure><\/div>\n\n\n\n<div style=\"height:20px\" aria-hidden=\"true\" class=\"wp-block-spacer\"><\/div>\n\n\n\n<p>D&rsquo;apr\u00e8s un <a href=\"https:\/\/www.climsom.com\/blog\/la-verite-sur-l-efficacite-des-tapis-d-acupression\/\" target=\"_blank\" rel=\"noreferrer noopener\">sondage<\/a> que nous avons r\u00e9alis\u00e9 aupr\u00e8s de nos utilisateurs de tapis d&rsquo;acupression, 48% d&rsquo;entre eux s&rsquo;en sont \u00e9quip\u00e9s pour r\u00e9duire leur stress, et 97% en sont satisfaits !<br><br><strong>Les plus du tapis d&rsquo;acupression Climsom Zen ?<\/strong><\/p>\n\n\n\n<ul class=\"wp-block-list\"><li>Coton et fibre de coco bio non allerg\u00e8nes et r\u00e9sistants<\/li><li>Fourni avec un livret d&rsquo;accompagnement d\u00e9taill\u00e9 et un sac de transport<\/li><li><strong>Existe en <a href=\"https:\/\/www.climsom.com\/fra\/pack-climsom-zen-acupression.php?codeoffer=PackClimsomAcu\" target=\"_blank\" rel=\"noreferrer noopener\">pack avec le coussin d&rsquo;acupression<\/a><\/strong> pour un ciblage de la nuque et des trap\u00e8zes, souvent tendus en p\u00e9riode de stress<\/li><\/ul>\n\n\n\n<div style=\"height:20px\" aria-hidden=\"true\" class=\"wp-block-spacer\"><\/div>\n\n\n\n<div class=\"wp-block-buttons is-horizontal is-content-justification-center is-layout-flex wp-container-core-buttons-is-layout-03627597 wp-block-buttons-is-layout-flex\">\n<div class=\"wp-block-button\"><a class=\"wp-block-button__link has-vivid-cyan-blue-background-color has-background\" href=\"https:\/\/www.climsom.com\/fra\/tapis-acupression-relaxation-climsom-zen.php?codeoffer=ClimsomAcuM\" target=\"_blank\" rel=\"noreferrer noopener\">S&rsquo;offrir une s\u00e9ance de relaxation Climsom Zen<\/a><\/div>\n<\/div>\n\n\n\n<div style=\"height:50px\" aria-hidden=\"true\" class=\"wp-block-spacer\"><\/div>\n\n\n\n<h2 class=\"has-light-green-cyan-color has-text-color wp-block-heading\">2. Le masseur oculaire Eye Massager Climsom Zen : un massage contre les maux de t\u00eate li\u00e9s au stress !<\/h2>\n\n\n\n<p>Le stress vous provoque des maux de t\u00eate, voire des migraines ?<br>Vous ressentez des tensions sur vos tempes ou entre vos yeux, la sensation que votre c\u0153ur bat dans votre t\u00eate ?<br><br>Une solution : stimuler vos points de <strong>r\u00e9flexologie oculaire<\/strong> ! Situ\u00e9s autour des yeux et des tempes, les points Tai Yang et Si Zhu Kong sont notamment connus pour apaiser les maux de t\u00eate et calmer les migraines ophtalmiques.<br><br>Gr\u00e2ce au masseur oculaire Eye Massager, accordez-vous un massage bienfaisant pour apaiser vos maux de t\u00eate.<br>Il vous offre <strong>5 modes de massages<\/strong> combinant : massage par pression d&rsquo;air, massage par vibration, et diffusion d&rsquo;une chaleur douce.<\/p>\n\n\n\n<div style=\"height:10px\" aria-hidden=\"true\" class=\"wp-block-spacer\"><\/div>\n\n\n\n<div class=\"wp-block-image\"><figure class=\"aligncenter size-large\"><img loading=\"lazy\" decoding=\"async\" width=\"650\" height=\"238\" src=\"https:\/\/www.climsom.com\/blog\/wp-content\/uploads\/2021\/08\/Eye-massager-canape-packaging-650x238.jpg\" alt=\"\" class=\"wp-image-7019\" srcset=\"https:\/\/www.climsom.com\/blog\/wp-content\/uploads\/2021\/08\/Eye-massager-canape-packaging-650x238.jpg 650w, https:\/\/www.climsom.com\/blog\/wp-content\/uploads\/2021\/08\/Eye-massager-canape-packaging-300x110.jpg 300w, https:\/\/www.climsom.com\/blog\/wp-content\/uploads\/2021\/08\/Eye-massager-canape-packaging-768x281.jpg 768w, https:\/\/www.climsom.com\/blog\/wp-content\/uploads\/2021\/08\/Eye-massager-canape-packaging-1140x418.jpg 1140w, https:\/\/www.climsom.com\/blog\/wp-content\/uploads\/2021\/08\/Eye-massager-canape-packaging.jpg 1223w\" sizes=\"auto, (max-width: 650px) 100vw, 650px\" \/><\/figure><\/div>\n\n\n\n<div style=\"height:10px\" aria-hidden=\"true\" class=\"wp-block-spacer\"><\/div>\n\n\n\n<p>Tout comme le tapis d&rsquo;acupression, vous pouvez effectuer votre s\u00e9ance de massage lors des moments de calme de votre journ\u00e9e : en vous couchant, il vous aidera \u00e0 vous endormir, ou sur votre pause d\u00e9jeuner pour soulager les maux de t\u00eate et la fatigue oculaire li\u00e9s aux \u00e9crans.<br><br>Vous pouvez \u00e9galement r\u00e9aliser votre s\u00e9ance de massage oculaire en m\u00eame temps que votre s\u00e9ance d&rsquo;acupression, pour une relaxation encore plus intense !<\/p>\n\n\n\n<div style=\"height:10px\" aria-hidden=\"true\" class=\"wp-block-spacer\"><\/div>\n\n\n\n<div class=\"wp-block-image\"><figure class=\"aligncenter size-large\"><img loading=\"lazy\" decoding=\"async\" width=\"650\" height=\"218\" src=\"https:\/\/www.climsom.com\/blog\/wp-content\/uploads\/2021\/08\/Eye-massager-lit-acupression-650x218.jpg\" alt=\"\" class=\"wp-image-7020\" srcset=\"https:\/\/www.climsom.com\/blog\/wp-content\/uploads\/2021\/08\/Eye-massager-lit-acupression-650x218.jpg 650w, https:\/\/www.climsom.com\/blog\/wp-content\/uploads\/2021\/08\/Eye-massager-lit-acupression-300x100.jpg 300w, https:\/\/www.climsom.com\/blog\/wp-content\/uploads\/2021\/08\/Eye-massager-lit-acupression-768x257.jpg 768w, https:\/\/www.climsom.com\/blog\/wp-content\/uploads\/2021\/08\/Eye-massager-lit-acupression-1140x382.jpg 1140w, https:\/\/www.climsom.com\/blog\/wp-content\/uploads\/2021\/08\/Eye-massager-lit-acupression.jpg 1496w\" sizes=\"auto, (max-width: 650px) 100vw, 650px\" \/><\/figure><\/div>\n\n\n\n<div style=\"height:30px\" aria-hidden=\"true\" class=\"wp-block-spacer\"><\/div>\n\n\n\n<div class=\"wp-block-buttons is-horizontal is-content-justification-center is-layout-flex wp-container-core-buttons-is-layout-03627597 wp-block-buttons-is-layout-flex\">\n<div class=\"wp-block-button\"><a class=\"wp-block-button__link has-light-green-cyan-background-color has-background\">Lib\u00e9rer le mal de t\u00eate avec le Eye Massager Climsom Zen<\/a><\/div>\n<\/div>\n\n\n\n<div style=\"height:50px\" aria-hidden=\"true\" class=\"wp-block-spacer\"><\/div>\n\n\n\n<h2 class=\"has-text-color wp-block-heading\" style=\"color:#f78d8d\">3. Le masque chauffant Spa du Visage : un anti-stress digne d&rsquo;un hammam !<\/h2>\n\n\n\n<p>Vous \u00eates adepte des hammams et savez le bien qu&rsquo;ils vous procurent ?<br>Mais vous n&rsquo;avez pas toujours le temps de vous accorder cette pause ?<br><br>Avec le masque chauffant Spa du Visage, profitez de la diffusion d&rsquo;une <strong>chaleur humide et douce<\/strong> au plus pr\u00e8s de votre peau. Ce temps vous permettra de retrouver les sensations d&rsquo;un Spa, et vous offrira \u00e0 la fois un soin de la peau.<br><br>Au programme : 30 minutes de relaxation, une purification de la peau, une d\u00e9tente des muscles du visage, ou encore une pr\u00e9paration au sommeil&#8230; De quoi terminer votre journ\u00e9e de travail stressante sur une note de douceur !<\/p>\n\n\n\n<div style=\"height:10px\" aria-hidden=\"true\" class=\"wp-block-spacer\"><\/div>\n\n\n\n<div class=\"wp-block-image\"><figure class=\"aligncenter size-large\"><a href=\"https:\/\/www.climsom.com\/fra\/spa-du-visage-dix-masques-autochauffants.php?codeoffer=SpaduVisagePack\" target=\"_blank\" rel=\"noopener\"><img loading=\"lazy\" decoding=\"async\" width=\"650\" height=\"232\" src=\"https:\/\/www.climsom.com\/blog\/wp-content\/uploads\/2021\/08\/spa-visage-canape-packaging-650x232.jpg\" alt=\"\" class=\"wp-image-7023\" srcset=\"https:\/\/www.climsom.com\/blog\/wp-content\/uploads\/2021\/08\/spa-visage-canape-packaging-650x232.jpg 650w, https:\/\/www.climsom.com\/blog\/wp-content\/uploads\/2021\/08\/spa-visage-canape-packaging-300x107.jpg 300w, https:\/\/www.climsom.com\/blog\/wp-content\/uploads\/2021\/08\/spa-visage-canape-packaging-768x274.jpg 768w, https:\/\/www.climsom.com\/blog\/wp-content\/uploads\/2021\/08\/spa-visage-canape-packaging-1140x407.jpg 1140w, https:\/\/www.climsom.com\/blog\/wp-content\/uploads\/2021\/08\/spa-visage-canape-packaging.jpg 1360w\" sizes=\"auto, (max-width: 650px) 100vw, 650px\" \/><\/a><\/figure><\/div>\n\n\n\n<div style=\"height:10px\" aria-hidden=\"true\" class=\"wp-block-spacer\"><\/div>\n\n\n\n<p>Tr\u00e8s facile d&rsquo;utilisation, le masque chauffe tout seul d\u00e8s l&rsquo;ouverture du sachet, de mani\u00e8re progressive jusqu&rsquo;\u00e0 atteindre 41\u00b0C, chaleur qu&rsquo;il maintiendra environ 30 minutes.<br><br><strong>ASTUCES :<\/strong> d\u00e9crochez les opercules qui se situent devant les yeux.<br>Vous pourrez alors profiter de votre bain de vapeur tout en lisant ou regardant la t\u00e9l\u00e9vision !<\/p>\n\n\n\n<div style=\"height:30px\" aria-hidden=\"true\" class=\"wp-block-spacer\"><\/div>\n\n\n\n<div class=\"wp-block-buttons is-horizontal is-content-justification-center is-layout-flex wp-container-core-buttons-is-layout-03627597 wp-block-buttons-is-layout-flex\">\n<div class=\"wp-block-button\"><a class=\"wp-block-button__link has-background\" href=\"https:\/\/www.climsom.com\/fra\/spa-du-visage-dix-masques-autochauffants.php?codeoffer=SpaduVisagePack\" style=\"background-color:#f78d8d\" target=\"_blank\" rel=\"noreferrer noopener\">S&rsquo;offrir un bain de vapeur avec le Spa du Visage<\/a><\/div>\n<\/div>\n\n\n\n<div style=\"height:50px\" aria-hidden=\"true\" class=\"wp-block-spacer\"><\/div>\n\n\n\n<p class=\"has-background\" style=\"background-color:#e9e9e9\">Comme quoi, avec les bonnes astuces, vous pouvez utiliser votre temps d&rsquo;inactivit\u00e9 pour penser \u00e0 vous !!<br>Avec ces anti-stress naturels, vous \u00e9viterez tr\u00e8s probablement le sentiment de surmenage et attaquerez cette rentr\u00e9e sans stress, ou du moins avec les bonnes armes !<br><br>Belle ann\u00e9e \u00e0 vous !<\/p>\n","protected":false},"excerpt":{"rendered":"<p>Reprise du travail, rentr\u00e9e scolaires des enfants&#8230; Retrouvez nos 3 id\u00e9es pour bien g\u00e9rer le stress et passer une rentr\u00e9e ZEN !<\/p>\n","protected":false},"author":1,"featured_media":6981,"comment_status":"open","ping_status":"open","sticky":false,"template":"","format":"standard","meta":{"footnotes":""},"categories":[9],"tags":[17,37,200,201],"class_list":["post-6976","post","type-post","status-publish","format-standard","has-post-thumbnail","hentry","category-bien-etre","tag-acupression","tag-bien-etre","tag-rentree","tag-zen"],"yoast_head":"<!-- This site is optimized with the Yoast SEO plugin v27.5 - https:\/\/yoast.com\/product\/yoast-seo-wordpress\/ -->\n<title>3 id\u00e9es pour bien g\u00e9rer le stress de la rentr\u00e9e - Climsom<\/title>\n<meta name=\"description\" content=\"Reprise du travail, rentr\u00e9e scolaires des enfants... Nous vous donnons 3 id\u00e9es pour bien g\u00e9rer le stress de la rentr\u00e9e !\" \/>\n<meta name=\"robots\" content=\"index, follow, max-snippet:-1, max-image-preview:large, max-video-preview:-1\" \/>\n<link rel=\"canonical\" href=\"https:\/\/www.climsom.com\/blog\/bien-gerer-le-stress-de-la-rentree\/\" \/>\n<meta property=\"og:locale\" content=\"fr_FR\" \/>\n<meta property=\"og:type\" content=\"article\" \/>\n<meta property=\"og:title\" content=\"3 id\u00e9es pour bien g\u00e9rer le stress de la rentr\u00e9e - Climsom\" \/>\n<meta property=\"og:description\" content=\"Reprise du travail, rentr\u00e9e scolaires des enfants... Nous vous donnons 3 id\u00e9es pour bien g\u00e9rer le stress de la rentr\u00e9e !\" \/>\n<meta property=\"og:url\" content=\"https:\/\/www.climsom.com\/blog\/bien-gerer-le-stress-de-la-rentree\/\" \/>\n<meta property=\"og:site_name\" content=\"Climsom \u2013 L\u2019innovation bien-\u00eatre\" \/>\n<meta property=\"article:published_time\" content=\"2021-08-20T14:50:17+00:00\" \/>\n<meta property=\"article:modified_time\" content=\"2022-04-01T13:30:53+00:00\" \/>\n<meta property=\"og:image\" content=\"https:\/\/www.climsom.com\/blog\/wp-content\/uploads\/2021\/08\/stress-de-la-rentree-e1629379647160.jpg\" \/>\n\t<meta property=\"og:image:width\" content=\"300\" \/>\n\t<meta property=\"og:image:height\" content=\"200\" \/>\n\t<meta property=\"og:image:type\" content=\"image\/jpeg\" \/>\n<meta name=\"author\" content=\"climsom\" \/>\n<meta name=\"twitter:card\" content=\"summary_large_image\" \/>\n<meta name=\"twitter:label1\" content=\"\u00c9crit par\" \/>\n\t<meta name=\"twitter:data1\" content=\"climsom\" \/>\n\t<meta name=\"twitter:label2\" content=\"Dur\u00e9e de lecture estim\u00e9e\" \/>\n\t<meta name=\"twitter:data2\" content=\"5 minutes\" \/>\n<script type=\"application\/ld+json\" class=\"yoast-schema-graph\">{\"@context\":\"https:\\\/\\\/schema.org\",\"@graph\":[{\"@type\":\"Article\",\"@id\":\"https:\\\/\\\/www.climsom.com\\\/blog\\\/bien-gerer-le-stress-de-la-rentree\\\/#article\",\"isPartOf\":{\"@id\":\"https:\\\/\\\/www.climsom.com\\\/blog\\\/bien-gerer-le-stress-de-la-rentree\\\/\"},\"author\":{\"name\":\"climsom\",\"@id\":\"https:\\\/\\\/www.climsom.com\\\/blog\\\/#\\\/schema\\\/person\\\/ad3a50ac6861affad1c0acafec04bb15\"},\"headline\":\"3 id\u00e9es pour bien g\u00e9rer le stress de la rentr\u00e9e\",\"datePublished\":\"2021-08-20T14:50:17+00:00\",\"dateModified\":\"2022-04-01T13:30:53+00:00\",\"mainEntityOfPage\":{\"@id\":\"https:\\\/\\\/www.climsom.com\\\/blog\\\/bien-gerer-le-stress-de-la-rentree\\\/\"},\"wordCount\":868,\"commentCount\":0,\"image\":{\"@id\":\"https:\\\/\\\/www.climsom.com\\\/blog\\\/bien-gerer-le-stress-de-la-rentree\\\/#primaryimage\"},\"thumbnailUrl\":\"https:\\\/\\\/www.climsom.com\\\/blog\\\/wp-content\\\/uploads\\\/2021\\\/08\\\/stress-de-la-rentree-e1629379647160.jpg\",\"keywords\":[\"acupression\",\"bien-\u00eatre\",\"rentr\u00e9e\",\"zen\"],\"articleSection\":[\"Bien-\u00eatre\"],\"inLanguage\":\"fr-FR\",\"potentialAction\":[{\"@type\":\"CommentAction\",\"name\":\"Comment\",\"target\":[\"https:\\\/\\\/www.climsom.com\\\/blog\\\/bien-gerer-le-stress-de-la-rentree\\\/#respond\"]}]},{\"@type\":\"WebPage\",\"@id\":\"https:\\\/\\\/www.climsom.com\\\/blog\\\/bien-gerer-le-stress-de-la-rentree\\\/\",\"url\":\"https:\\\/\\\/www.climsom.com\\\/blog\\\/bien-gerer-le-stress-de-la-rentree\\\/\",\"name\":\"3 id\u00e9es pour bien g\u00e9rer le stress de la rentr\u00e9e - Climsom\",\"isPartOf\":{\"@id\":\"https:\\\/\\\/www.climsom.com\\\/blog\\\/#website\"},\"primaryImageOfPage\":{\"@id\":\"https:\\\/\\\/www.climsom.com\\\/blog\\\/bien-gerer-le-stress-de-la-rentree\\\/#primaryimage\"},\"image\":{\"@id\":\"https:\\\/\\\/www.climsom.com\\\/blog\\\/bien-gerer-le-stress-de-la-rentree\\\/#primaryimage\"},\"thumbnailUrl\":\"https:\\\/\\\/www.climsom.com\\\/blog\\\/wp-content\\\/uploads\\\/2021\\\/08\\\/stress-de-la-rentree-e1629379647160.jpg\",\"datePublished\":\"2021-08-20T14:50:17+00:00\",\"dateModified\":\"2022-04-01T13:30:53+00:00\",\"author\":{\"@id\":\"https:\\\/\\\/www.climsom.com\\\/blog\\\/#\\\/schema\\\/person\\\/ad3a50ac6861affad1c0acafec04bb15\"},\"description\":\"Reprise du travail, rentr\u00e9e scolaires des enfants... Nous vous donnons 3 id\u00e9es pour bien g\u00e9rer le stress de la rentr\u00e9e !\",\"breadcrumb\":{\"@id\":\"https:\\\/\\\/www.climsom.com\\\/blog\\\/bien-gerer-le-stress-de-la-rentree\\\/#breadcrumb\"},\"inLanguage\":\"fr-FR\",\"potentialAction\":[{\"@type\":\"ReadAction\",\"target\":[\"https:\\\/\\\/www.climsom.com\\\/blog\\\/bien-gerer-le-stress-de-la-rentree\\\/\"]}]},{\"@type\":\"ImageObject\",\"inLanguage\":\"fr-FR\",\"@id\":\"https:\\\/\\\/www.climsom.com\\\/blog\\\/bien-gerer-le-stress-de-la-rentree\\\/#primaryimage\",\"url\":\"https:\\\/\\\/www.climsom.com\\\/blog\\\/wp-content\\\/uploads\\\/2021\\\/08\\\/stress-de-la-rentree-e1629379647160.jpg\",\"contentUrl\":\"https:\\\/\\\/www.climsom.com\\\/blog\\\/wp-content\\\/uploads\\\/2021\\\/08\\\/stress-de-la-rentree-e1629379647160.jpg\",\"width\":300,\"height\":200,\"caption\":\"\u00e9viter le stress de la rentr\u00e9e\"},{\"@type\":\"BreadcrumbList\",\"@id\":\"https:\\\/\\\/www.climsom.com\\\/blog\\\/bien-gerer-le-stress-de-la-rentree\\\/#breadcrumb\",\"itemListElement\":[{\"@type\":\"ListItem\",\"position\":1,\"name\":\"Accueil\",\"item\":\"https:\\\/\\\/www.climsom.com\\\/blog\\\/\"},{\"@type\":\"ListItem\",\"position\":2,\"name\":\"3 id\u00e9es pour bien g\u00e9rer le stress de la rentr\u00e9e\"}]},{\"@type\":\"WebSite\",\"@id\":\"https:\\\/\\\/www.climsom.com\\\/blog\\\/#website\",\"url\":\"https:\\\/\\\/www.climsom.com\\\/blog\\\/\",\"name\":\"Climsom \u2013 L\u2019innovation bien-\u00eatre\",\"description\":\"Des produits uniques et innovants\",\"potentialAction\":[{\"@type\":\"SearchAction\",\"target\":{\"@type\":\"EntryPoint\",\"urlTemplate\":\"https:\\\/\\\/www.climsom.com\\\/blog\\\/?s={search_term_string}\"},\"query-input\":{\"@type\":\"PropertyValueSpecification\",\"valueRequired\":true,\"valueName\":\"search_term_string\"}}],\"inLanguage\":\"fr-FR\"},{\"@type\":\"Person\",\"@id\":\"https:\\\/\\\/www.climsom.com\\\/blog\\\/#\\\/schema\\\/person\\\/ad3a50ac6861affad1c0acafec04bb15\",\"name\":\"climsom\",\"image\":{\"@type\":\"ImageObject\",\"inLanguage\":\"fr-FR\",\"@id\":\"https:\\\/\\\/secure.gravatar.com\\\/avatar\\\/62f3ff6adb0a16330bb0476388ef778eb86d72bbb59d42d8466863474896eba8?s=96&d=mm&r=g\",\"url\":\"https:\\\/\\\/secure.gravatar.com\\\/avatar\\\/62f3ff6adb0a16330bb0476388ef778eb86d72bbb59d42d8466863474896eba8?s=96&d=mm&r=g\",\"contentUrl\":\"https:\\\/\\\/secure.gravatar.com\\\/avatar\\\/62f3ff6adb0a16330bb0476388ef778eb86d72bbb59d42d8466863474896eba8?s=96&d=mm&r=g\",\"caption\":\"climsom\"},\"url\":\"https:\\\/\\\/www.climsom.com\\\/blog\\\/author\\\/climsom\\\/\"}]}<\/script>\n<!-- \/ Yoast SEO plugin. -->","yoast_head_json":{"title":"3 id\u00e9es pour bien g\u00e9rer le stress de la rentr\u00e9e - Climsom","description":"Reprise du travail, rentr\u00e9e scolaires des enfants... Nous vous donnons 3 id\u00e9es pour bien g\u00e9rer le stress de la rentr\u00e9e !","robots":{"index":"index","follow":"follow","max-snippet":"max-snippet:-1","max-image-preview":"max-image-preview:large","max-video-preview":"max-video-preview:-1"},"canonical":"https:\/\/www.climsom.com\/blog\/bien-gerer-le-stress-de-la-rentree\/","og_locale":"fr_FR","og_type":"article","og_title":"3 id\u00e9es pour bien g\u00e9rer le stress de la rentr\u00e9e - Climsom","og_description":"Reprise du travail, rentr\u00e9e scolaires des enfants... Nous vous donnons 3 id\u00e9es pour bien g\u00e9rer le stress de la rentr\u00e9e !","og_url":"https:\/\/www.climsom.com\/blog\/bien-gerer-le-stress-de-la-rentree\/","og_site_name":"Climsom \u2013 L\u2019innovation bien-\u00eatre","article_published_time":"2021-08-20T14:50:17+00:00","article_modified_time":"2022-04-01T13:30:53+00:00","og_image":[{"width":300,"height":200,"url":"https:\/\/www.climsom.com\/blog\/wp-content\/uploads\/2021\/08\/stress-de-la-rentree-e1629379647160.jpg","type":"image\/jpeg"}],"author":"climsom","twitter_card":"summary_large_image","twitter_misc":{"\u00c9crit par":"climsom","Dur\u00e9e de lecture estim\u00e9e":"5 minutes"},"schema":{"@context":"https:\/\/schema.org","@graph":[{"@type":"Article","@id":"https:\/\/www.climsom.com\/blog\/bien-gerer-le-stress-de-la-rentree\/#article","isPartOf":{"@id":"https:\/\/www.climsom.com\/blog\/bien-gerer-le-stress-de-la-rentree\/"},"author":{"name":"climsom","@id":"https:\/\/www.climsom.com\/blog\/#\/schema\/person\/ad3a50ac6861affad1c0acafec04bb15"},"headline":"3 id\u00e9es pour bien g\u00e9rer le stress de la rentr\u00e9e","datePublished":"2021-08-20T14:50:17+00:00","dateModified":"2022-04-01T13:30:53+00:00","mainEntityOfPage":{"@id":"https:\/\/www.climsom.com\/blog\/bien-gerer-le-stress-de-la-rentree\/"},"wordCount":868,"commentCount":0,"image":{"@id":"https:\/\/www.climsom.com\/blog\/bien-gerer-le-stress-de-la-rentree\/#primaryimage"},"thumbnailUrl":"https:\/\/www.climsom.com\/blog\/wp-content\/uploads\/2021\/08\/stress-de-la-rentree-e1629379647160.jpg","keywords":["acupression","bien-\u00eatre","rentr\u00e9e","zen"],"articleSection":["Bien-\u00eatre"],"inLanguage":"fr-FR","potentialAction":[{"@type":"CommentAction","name":"Comment","target":["https:\/\/www.climsom.com\/blog\/bien-gerer-le-stress-de-la-rentree\/#respond"]}]},{"@type":"WebPage","@id":"https:\/\/www.climsom.com\/blog\/bien-gerer-le-stress-de-la-rentree\/","url":"https:\/\/www.climsom.com\/blog\/bien-gerer-le-stress-de-la-rentree\/","name":"3 id\u00e9es pour bien g\u00e9rer le stress de la rentr\u00e9e - Climsom","isPartOf":{"@id":"https:\/\/www.climsom.com\/blog\/#website"},"primaryImageOfPage":{"@id":"https:\/\/www.climsom.com\/blog\/bien-gerer-le-stress-de-la-rentree\/#primaryimage"},"image":{"@id":"https:\/\/www.climsom.com\/blog\/bien-gerer-le-stress-de-la-rentree\/#primaryimage"},"thumbnailUrl":"https:\/\/www.climsom.com\/blog\/wp-content\/uploads\/2021\/08\/stress-de-la-rentree-e1629379647160.jpg","datePublished":"2021-08-20T14:50:17+00:00","dateModified":"2022-04-01T13:30:53+00:00","author":{"@id":"https:\/\/www.climsom.com\/blog\/#\/schema\/person\/ad3a50ac6861affad1c0acafec04bb15"},"description":"Reprise du travail, rentr\u00e9e scolaires des enfants... Nous vous donnons 3 id\u00e9es pour bien g\u00e9rer le stress de la rentr\u00e9e !","breadcrumb":{"@id":"https:\/\/www.climsom.com\/blog\/bien-gerer-le-stress-de-la-rentree\/#breadcrumb"},"inLanguage":"fr-FR","potentialAction":[{"@type":"ReadAction","target":["https:\/\/www.climsom.com\/blog\/bien-gerer-le-stress-de-la-rentree\/"]}]},{"@type":"ImageObject","inLanguage":"fr-FR","@id":"https:\/\/www.climsom.com\/blog\/bien-gerer-le-stress-de-la-rentree\/#primaryimage","url":"https:\/\/www.climsom.com\/blog\/wp-content\/uploads\/2021\/08\/stress-de-la-rentree-e1629379647160.jpg","contentUrl":"https:\/\/www.climsom.com\/blog\/wp-content\/uploads\/2021\/08\/stress-de-la-rentree-e1629379647160.jpg","width":300,"height":200,"caption":"\u00e9viter le stress de la rentr\u00e9e"},{"@type":"BreadcrumbList","@id":"https:\/\/www.climsom.com\/blog\/bien-gerer-le-stress-de-la-rentree\/#breadcrumb","itemListElement":[{"@type":"ListItem","position":1,"name":"Accueil","item":"https:\/\/www.climsom.com\/blog\/"},{"@type":"ListItem","position":2,"name":"3 id\u00e9es pour bien g\u00e9rer le stress de la rentr\u00e9e"}]},{"@type":"WebSite","@id":"https:\/\/www.climsom.com\/blog\/#website","url":"https:\/\/www.climsom.com\/blog\/","name":"Climsom \u2013 L\u2019innovation bien-\u00eatre","description":"Des produits uniques et innovants","potentialAction":[{"@type":"SearchAction","target":{"@type":"EntryPoint","urlTemplate":"https:\/\/www.climsom.com\/blog\/?s={search_term_string}"},"query-input":{"@type":"PropertyValueSpecification","valueRequired":true,"valueName":"search_term_string"}}],"inLanguage":"fr-FR"},{"@type":"Person","@id":"https:\/\/www.climsom.com\/blog\/#\/schema\/person\/ad3a50ac6861affad1c0acafec04bb15","name":"climsom","image":{"@type":"ImageObject","inLanguage":"fr-FR","@id":"https:\/\/secure.gravatar.com\/avatar\/62f3ff6adb0a16330bb0476388ef778eb86d72bbb59d42d8466863474896eba8?s=96&d=mm&r=g","url":"https:\/\/secure.gravatar.com\/avatar\/62f3ff6adb0a16330bb0476388ef778eb86d72bbb59d42d8466863474896eba8?s=96&d=mm&r=g","contentUrl":"https:\/\/secure.gravatar.com\/avatar\/62f3ff6adb0a16330bb0476388ef778eb86d72bbb59d42d8466863474896eba8?s=96&d=mm&r=g","caption":"climsom"},"url":"https:\/\/www.climsom.com\/blog\/author\/climsom\/"}]}},"lang":"fr","translations":{"fr":6976},"pll_sync_post":{},"_links":{"self":[{"href":"https:\/\/www.climsom.com\/blog\/wp-json\/wp\/v2\/posts\/6976","targetHints":{"allow":["GET"]}}],"collection":[{"href":"https:\/\/www.climsom.com\/blog\/wp-json\/wp\/v2\/posts"}],"about":[{"href":"https:\/\/www.climsom.com\/blog\/wp-json\/wp\/v2\/types\/post"}],"author":[{"embeddable":true,"href":"https:\/\/www.climsom.com\/blog\/wp-json\/wp\/v2\/users\/1"}],"replies":[{"embeddable":true,"href":"https:\/\/www.climsom.com\/blog\/wp-json\/wp\/v2\/comments?post=6976"}],"version-history":[{"count":20,"href":"https:\/\/www.climsom.com\/blog\/wp-json\/wp\/v2\/posts\/6976\/revisions"}],"predecessor-version":[{"id":7403,"href":"https:\/\/www.climsom.com\/blog\/wp-json\/wp\/v2\/posts\/6976\/revisions\/7403"}],"wp:featuredmedia":[{"embeddable":true,"href":"https:\/\/www.climsom.com\/blog\/wp-json\/wp\/v2\/media\/6981"}],"wp:attachment":[{"href":"https:\/\/www.climsom.com\/blog\/wp-json\/wp\/v2\/media?parent=6976"}],"wp:term":[{"taxonomy":"category","embeddable":true,"href":"https:\/\/www.climsom.com\/blog\/wp-json\/wp\/v2\/categories?post=6976"},{"taxonomy":"post_tag","embeddable":true,"href":"https:\/\/www.climsom.com\/blog\/wp-json\/wp\/v2\/tags?post=6976"}],"curies":[{"name":"wp","href":"https:\/\/api.w.org\/{rel}","templated":true}]}}